{"id":8956,"date":"2022-04-11T14:14:45","date_gmt":"2022-04-11T12:14:45","guid":{"rendered":"https:\/\/dev.hypoteq.ch\/francais-impots-sur-les-biens-immobiliers\/"},"modified":"2025-04-05T06:32:08","modified_gmt":"2025-04-05T04:32:08","slug":"francais-impots-sur-les-biens-immobiliers","status":"publish","type":"post","link":"https:\/\/www.hypoteq.ch\/fr\/francais-impots-sur-les-biens-immobiliers\/","title":{"rendered":"Imp\u00f4ts sur les biens immobiliers"},"content":{"rendered":"\t\t<div data-elementor-type=\"wp-post\" data-elementor-id=\"8956\" class=\"elementor elementor-8956 elementor-2553\">\n\t\t\t\t\t\t<section class=\"elementor-section elementor-top-section elementor-element elementor-element-480d05e3 elementor-section-stretched elementor-section-full_width elementor-section-height-min-height elementor-section-height-default elementor-section-items-middle\" data-id=\"480d05e3\" data-element_type=\"section\" data-settings=\"{&quot;stretch_section&quot;:&quot;section-stretched&quot;,&quot;background_background&quot;:&quot;classic&quot;,&quot;shape_divider_bottom&quot;:&quot;curve&quot;}\">\n\t\t\t\t\t<div class=\"elementor-shape elementor-shape-bottom\" aria-hidden=\"true\" data-negative=\"false\">\n\t\t\t<svg xmlns=\"http:\/\/www.w3.org\/2000\/svg\" viewBox=\"0 0 1000 100\" preserveAspectRatio=\"none\">\n    <path class=\"elementor-shape-fill\" d=\"M1000,4.3V0H0v4.3C0.9,23.1,126.7,99.2,500,100S1000,22.7,1000,4.3z\"\/>\n<\/svg>\t\t<\/div>\n\t\t\t\t\t<div class=\"elementor-container elementor-column-gap-default\">\n\t\t\t\t\t<div class=\"elementor-column elementor-col-100 elementor-top-column elementor-element elementor-element-47cc43a4\" data-id=\"47cc43a4\" data-element_type=\"column\">\n\t\t\t<div class=\"elementor-widget-wrap elementor-element-populated\">\n\t\t\t\t\t\t<div class=\"elementor-element elementor-element-ff7fcef elementor-widget__width-auto elementor-widget elementor-widget-heading\" data-id=\"ff7fcef\" data-element_type=\"widget\" data-widget_type=\"heading.default\">\n\t\t\t\t<div class=\"elementor-widget-container\">\n\t\t\t\t\t<h2 class=\"elementor-heading-title elementor-size-default\">IMP\u00d4TS SUR LES BIENS IMMOBILIERS<\/h2>\t\t\t\t<\/div>\n\t\t\t\t<\/div>\n\t\t\t\t\t<\/div>\n\t\t<\/div>\n\t\t\t\t\t<\/div>\n\t\t<\/section>\n\t\t\t\t<section class=\"elementor-section elementor-top-section elementor-element elementor-element-2b9f666a elementor-section-stretched elementor-section-content-middle custom-list-type elementor-section-boxed elementor-section-height-default elementor-section-height-default\" data-id=\"2b9f666a\" data-element_type=\"section\" data-settings=\"{&quot;stretch_section&quot;:&quot;section-stretched&quot;,&quot;background_background&quot;:&quot;gradient&quot;}\">\n\t\t\t\t\t\t<div class=\"elementor-container elementor-column-gap-default\">\n\t\t\t\t\t<div class=\"elementor-column elementor-col-66 elementor-top-column elementor-element elementor-element-6242bb94\" data-id=\"6242bb94\" data-element_type=\"column\" data-settings=\"{&quot;background_background&quot;:&quot;classic&quot;}\">\n\t\t\t<div class=\"elementor-widget-wrap elementor-element-populated\">\n\t\t\t\t\t\t<div class=\"elementor-element elementor-element-66af97bc elementor-widget elementor-widget-text-editor\" data-id=\"66af97bc\" data-element_type=\"widget\" data-widget_type=\"text-editor.default\">\n\t\t\t\t<div class=\"elementor-widget-container\">\n\t\t\t\t\t\t\t\t\t<p>En Suisse, plusieurs taxes s&rsquo;appliquent aux biens immobiliers<\/p>\n\t\t\t\t\t\t\t\t<\/div>\n\t\t\t\t<\/div>\n\t\t\t\t\t<\/div>\n\t\t<\/div>\n\t\t\t\t<div class=\"elementor-column elementor-col-33 elementor-top-column elementor-element elementor-element-2a23168e\" data-id=\"2a23168e\" data-element_type=\"column\">\n\t\t\t<div class=\"elementor-widget-wrap elementor-element-populated\">\n\t\t\t\t\t\t<div class=\"elementor-element elementor-element-5f15b233 elementor-widget elementor-widget-text-editor\" data-id=\"5f15b233\" data-element_type=\"widget\" data-widget_type=\"text-editor.default\">\n\t\t\t\t<div class=\"elementor-widget-container\">\n\t\t\t\t\t\t\t\t\t<ul>\n<li>Imp\u00f4t sur les plus-values immobili\u00e8res<\/li>\n<li>Valeur locative<\/li>\n<li>Droits de mutation<\/li>\n<\/ul>\n\t\t\t\t\t\t\t\t<\/div>\n\t\t\t\t<\/div>\n\t\t\t\t\t<\/div>\n\t\t<\/div>\n\t\t\t\t\t<\/div>\n\t\t<\/section>\n\t\t\t\t<section class=\"elementor-section elementor-top-section elementor-element elementor-element-5466a148 elementor-section-content-middle elementor-reverse-mobile new-template-style elementor-section-boxed elementor-section-height-default elementor-section-height-default\" data-id=\"5466a148\" data-element_type=\"section\">\n\t\t\t\t\t\t<div class=\"elementor-container elementor-column-gap-no\">\n\t\t\t\t\t<div class=\"elementor-column elementor-col-50 elementor-top-column elementor-element elementor-element-68cc942c\" data-id=\"68cc942c\" data-element_type=\"column\">\n\t\t\t<div class=\"elementor-widget-wrap elementor-element-populated\">\n\t\t\t\t\t\t<div class=\"elementor-element elementor-element-50b5bdcd elementor-widget elementor-widget-heading\" data-id=\"50b5bdcd\" data-element_type=\"widget\" data-widget_type=\"heading.default\">\n\t\t\t\t<div class=\"elementor-widget-container\">\n\t\t\t\t\t<h4 class=\"elementor-heading-title elementor-size-default\">Imp\u00f4t sur les plus-values immobili\u00e8res<\/h4>\t\t\t\t<\/div>\n\t\t\t\t<\/div>\n\t\t\t\t<div class=\"elementor-element elementor-element-2db77f1d elementor-widget elementor-widget-text-editor\" data-id=\"2db77f1d\" data-element_type=\"widget\" data-widget_type=\"text-editor.default\">\n\t\t\t\t<div class=\"elementor-widget-container\">\n\t\t\t\t\t\t\t\t\t<p>L&rsquo;imp\u00f4t sur les plus-values immobili\u00e8res est calcul\u00e9 sur la diff\u00e9rence entre le prix de vente et le prix d&rsquo;achat initial. Seule la diff\u00e9rence est impos\u00e9e. Il est l\u00e9gitime que des investissements augmentant la valeur (par exemple l&rsquo;am\u00e9nagement des combles) ou des frais de vente (commission de l&rsquo;agent immobilier) puissent \u00eatre d\u00e9duits du prix d&rsquo;achat initial. La diff\u00e9rence entre le prix de vente et le prix d&rsquo;achat est ainsi r\u00e9duite et l&rsquo;imp\u00f4t d\u00fb diminue \u00e9galement. Le calcul du montant de l&rsquo;imp\u00f4t tient \u00e9galement compte de la dur\u00e9e de d\u00e9tention du bien immobilier par le vendeur. Plus le vendeur a d\u00e9tenu le bien longtemps, plus les taxes sont faibles.     <\/p>\n\t\t\t\t\t\t\t\t<\/div>\n\t\t\t\t<\/div>\n\t\t\t\t\t<\/div>\n\t\t<\/div>\n\t\t\t\t<div class=\"elementor-column elementor-col-50 elementor-top-column elementor-element elementor-element-108844d9\" data-id=\"108844d9\" data-element_type=\"column\">\n\t\t\t<div class=\"elementor-widget-wrap elementor-element-populated\">\n\t\t\t\t\t\t<div class=\"elementor-element elementor-element-765339b4 elementor-widget elementor-widget-image\" data-id=\"765339b4\" data-element_type=\"widget\" data-widget_type=\"image.default\">\n\t\t\t\t<div class=\"elementor-widget-container\">\n\t\t\t\t\t\t\t\t\t\t\t\t\t\t\t<img fetchpriority=\"high\" decoding=\"async\" width=\"800\" height=\"600\" src=\"https:\/\/www.hypoteq.ch\/wp-content\/uploads\/2021\/02\/HYPOTEQ-Grundstueck.jpg\" class=\"attachment-full size-full wp-image-995\" alt=\"\" srcset=\"https:\/\/www.hypoteq.ch\/wp-content\/uploads\/2021\/02\/HYPOTEQ-Grundstueck.jpg 800w, https:\/\/www.hypoteq.ch\/wp-content\/uploads\/2021\/02\/HYPOTEQ-Grundstueck-300x225.jpg 300w, https:\/\/www.hypoteq.ch\/wp-content\/uploads\/2021\/02\/HYPOTEQ-Grundstueck-768x576.jpg 768w\" sizes=\"(max-width: 800px) 100vw, 800px\" \/>\t\t\t\t\t\t\t\t\t\t\t\t\t\t\t<\/div>\n\t\t\t\t<\/div>\n\t\t\t\t\t<\/div>\n\t\t<\/div>\n\t\t\t\t\t<\/div>\n\t\t<\/section>\n\t\t\t\t<section class=\"elementor-section elementor-top-section elementor-element elementor-element-46b10701 elementor-section-content-middle elementor-reverse-mobile new-template-style elementor-section-boxed elementor-section-height-default elementor-section-height-default\" data-id=\"46b10701\" data-element_type=\"section\">\n\t\t\t\t\t\t<div class=\"elementor-container elementor-column-gap-no\">\n\t\t\t\t\t<div class=\"elementor-column elementor-col-50 elementor-top-column elementor-element elementor-element-5db604cf\" data-id=\"5db604cf\" data-element_type=\"column\">\n\t\t\t<div class=\"elementor-widget-wrap elementor-element-populated\">\n\t\t\t\t\t\t<div class=\"elementor-element elementor-element-606f740c elementor-widget elementor-widget-heading\" data-id=\"606f740c\" data-element_type=\"widget\" data-widget_type=\"heading.default\">\n\t\t\t\t<div class=\"elementor-widget-container\">\n\t\t\t\t\t<h4 class=\"elementor-heading-title elementor-size-default\">Valeur locative<\/h4>\t\t\t\t<\/div>\n\t\t\t\t<\/div>\n\t\t\t\t<div class=\"elementor-element elementor-element-548e1d97 elementor-widget elementor-widget-text-editor\" data-id=\"548e1d97\" data-element_type=\"widget\" data-widget_type=\"text-editor.default\">\n\t\t\t\t<div class=\"elementor-widget-container\">\n\t\t\t\t\t\t\t\t\t<p>L&rsquo;objectif de cet imp\u00f4t est de mettre sur un pied d&rsquo;\u00e9galit\u00e9 les locataires et les propri\u00e9taires. Imaginez que la valeur locative est un revenu fictif : Le montant de la valeur locative est d\u00e9termin\u00e9 par le montant que vous obtiendriez en tant que revenu si vous louiez votre logement. Vous devez payer l&rsquo;imp\u00f4t sur ce revenu construit. Dans le cadre de cet imp\u00f4t, vous pouvez d\u00e9duire les int\u00e9r\u00eats hypoth\u00e9caires et les frais d&rsquo;entretien de votre revenu imposable.   <\/p>\n\t\t\t\t\t\t\t\t<\/div>\n\t\t\t\t<\/div>\n\t\t\t\t\t<\/div>\n\t\t<\/div>\n\t\t\t\t<div class=\"elementor-column elementor-col-50 elementor-top-column elementor-element elementor-element-6eeb9a15\" data-id=\"6eeb9a15\" data-element_type=\"column\">\n\t\t\t<div class=\"elementor-widget-wrap elementor-element-populated\">\n\t\t\t\t\t\t<div class=\"elementor-element elementor-element-5e33802c elementor-widget elementor-widget-image\" data-id=\"5e33802c\" data-element_type=\"widget\" data-widget_type=\"image.default\">\n\t\t\t\t<div class=\"elementor-widget-container\">\n\t\t\t\t\t\t\t\t\t\t\t\t\t\t\t<img decoding=\"async\" width=\"1000\" height=\"667\" src=\"https:\/\/www.hypoteq.ch\/wp-content\/uploads\/2021\/02\/HYPOTEQ-Eigenmietwert.jpg\" class=\"attachment-full size-full wp-image-997\" alt=\"\" srcset=\"https:\/\/www.hypoteq.ch\/wp-content\/uploads\/2021\/02\/HYPOTEQ-Eigenmietwert.jpg 1000w, https:\/\/www.hypoteq.ch\/wp-content\/uploads\/2021\/02\/HYPOTEQ-Eigenmietwert-300x200.jpg 300w, https:\/\/www.hypoteq.ch\/wp-content\/uploads\/2021\/02\/HYPOTEQ-Eigenmietwert-768x512.jpg 768w\" sizes=\"(max-width: 1000px) 100vw, 1000px\" \/>\t\t\t\t\t\t\t\t\t\t\t\t\t\t\t<\/div>\n\t\t\t\t<\/div>\n\t\t\t\t\t<\/div>\n\t\t<\/div>\n\t\t\t\t\t<\/div>\n\t\t<\/section>\n\t\t\t\t<section class=\"elementor-section elementor-top-section elementor-element elementor-element-7fe083ae elementor-section-content-middle elementor-reverse-mobile new-template-style elementor-section-boxed elementor-section-height-default elementor-section-height-default\" data-id=\"7fe083ae\" data-element_type=\"section\">\n\t\t\t\t\t\t<div class=\"elementor-container elementor-column-gap-no\">\n\t\t\t\t\t<div class=\"elementor-column elementor-col-50 elementor-top-column elementor-element elementor-element-2ce52cdd\" data-id=\"2ce52cdd\" data-element_type=\"column\">\n\t\t\t<div class=\"elementor-widget-wrap elementor-element-populated\">\n\t\t\t\t\t\t<div class=\"elementor-element elementor-element-3f763caa elementor-widget elementor-widget-heading\" data-id=\"3f763caa\" data-element_type=\"widget\" data-widget_type=\"heading.default\">\n\t\t\t\t<div class=\"elementor-widget-container\">\n\t\t\t\t\t<h4 class=\"elementor-heading-title elementor-size-default\">Droits de mutation<\/h4>\t\t\t\t<\/div>\n\t\t\t\t<\/div>\n\t\t\t\t<div class=\"elementor-element elementor-element-66d7523d elementor-widget elementor-widget-text-editor\" data-id=\"66d7523d\" data-element_type=\"widget\" data-widget_type=\"text-editor.default\">\n\t\t\t\t<div class=\"elementor-widget-container\">\n\t\t\t\t\t\t\t\t\t<p>En cas de changement de propri\u00e9taire d&rsquo;un bien immobilier (par achat, h\u00e9ritage ou donation), les droits de mutation sont dus. Ici, contrairement \u00e0 l&rsquo;imp\u00f4t sur les plus-values immobili\u00e8res, ce n&rsquo;est pas le b\u00e9n\u00e9fice qui est impos\u00e9, mais les frais de modification aupr\u00e8s du registre foncier. Veuillez tenir compte des conditions cantonales qui s&rsquo;appliquent \u00e0 votre cas : Selon le canton, il n&rsquo;y a pas de droits de mutation (mais des frais plus \u00e9lev\u00e9s pour l&rsquo;enregistrement de l&rsquo;acheteur) ou l&rsquo;imp\u00f4t est partag\u00e9 entre l&rsquo;acheteur et le vendeur.  <\/p>\n\t\t\t\t\t\t\t\t<\/div>\n\t\t\t\t<\/div>\n\t\t\t\t\t<\/div>\n\t\t<\/div>\n\t\t\t\t<div class=\"elementor-column elementor-col-50 elementor-top-column elementor-element elementor-element-fc4142b\" data-id=\"fc4142b\" data-element_type=\"column\">\n\t\t\t<div class=\"elementor-widget-wrap elementor-element-populated\">\n\t\t\t\t\t\t<div class=\"elementor-element elementor-element-42c0139e elementor-widget elementor-widget-image\" data-id=\"42c0139e\" data-element_type=\"widget\" data-widget_type=\"image.default\">\n\t\t\t\t<div class=\"elementor-widget-container\">\n\t\t\t\t\t\t\t\t\t\t\t\t\t\t\t<img decoding=\"async\" width=\"1000\" height=\"730\" src=\"https:\/\/www.hypoteq.ch\/wp-content\/uploads\/2021\/02\/HYPOTEQ-Handaenderungssteuer.jpg\" class=\"attachment-full size-full wp-image-1002\" alt=\"\" srcset=\"https:\/\/www.hypoteq.ch\/wp-content\/uploads\/2021\/02\/HYPOTEQ-Handaenderungssteuer.jpg 1000w, https:\/\/www.hypoteq.ch\/wp-content\/uploads\/2021\/02\/HYPOTEQ-Handaenderungssteuer-300x219.jpg 300w, https:\/\/www.hypoteq.ch\/wp-content\/uploads\/2021\/02\/HYPOTEQ-Handaenderungssteuer-768x561.jpg 768w\" sizes=\"(max-width: 1000px) 100vw, 1000px\" \/>\t\t\t\t\t\t\t\t\t\t\t\t\t\t\t<\/div>\n\t\t\t\t<\/div>\n\t\t\t\t\t<\/div>\n\t\t<\/div>\n\t\t\t\t\t<\/div>\n\t\t<\/section>\n\t\t\t\t<section class=\"elementor-section elementor-top-section elementor-element elementor-element-6d84c981 elementor-section-content-middle elementor-reverse-mobile new-template-style elementor-section-boxed elementor-section-height-default elementor-section-height-default\" data-id=\"6d84c981\" data-element_type=\"section\">\n\t\t\t\t\t\t<div class=\"elementor-container elementor-column-gap-no\">\n\t\t\t\t\t<div class=\"elementor-column elementor-col-50 elementor-top-column elementor-element elementor-element-a393d59\" data-id=\"a393d59\" data-element_type=\"column\">\n\t\t\t<div class=\"elementor-widget-wrap elementor-element-populated\">\n\t\t\t\t\t\t<div class=\"elementor-element elementor-element-7cb28865 elementor-widget elementor-widget-heading\" data-id=\"7cb28865\" data-element_type=\"widget\" data-widget_type=\"heading.default\">\n\t\t\t\t<div class=\"elementor-widget-container\">\n\t\t\t\t\t<h4 class=\"elementor-heading-title elementor-size-default\">\u00c9conomiser des imp\u00f4ts<\/h4>\t\t\t\t<\/div>\n\t\t\t\t<\/div>\n\t\t\t\t<div class=\"elementor-element elementor-element-1ade4d5 elementor-widget elementor-widget-text-editor\" data-id=\"1ade4d5\" data-element_type=\"widget\" data-widget_type=\"text-editor.default\">\n\t\t\t\t<div class=\"elementor-widget-container\">\n\t\t\t\t\t\t\t\t\t<p>Votre conseiller HYPOTEQ prend en compte et met en lumi\u00e8re pour vous tous les aspects fiscaux afin que vous ne soyez pas confront\u00e9 \u00e0 de mauvaises surprises avant et apr\u00e8s l&rsquo;achat de votre maison.&nbsp;<\/p>\n\t\t\t\t\t\t\t\t<\/div>\n\t\t\t\t<\/div>\n\t\t\t\t\t<\/div>\n\t\t<\/div>\n\t\t\t\t<div class=\"elementor-column elementor-col-50 elementor-top-column elementor-element elementor-element-5604994c\" data-id=\"5604994c\" data-element_type=\"column\">\n\t\t\t<div class=\"elementor-widget-wrap elementor-element-populated\">\n\t\t\t\t\t\t<div class=\"elementor-element elementor-element-29e014d4 elementor-widget elementor-widget-image\" data-id=\"29e014d4\" data-element_type=\"widget\" data-widget_type=\"image.default\">\n\t\t\t\t<div class=\"elementor-widget-container\">\n\t\t\t\t\t\t\t\t\t\t\t\t\t\t\t<img loading=\"lazy\" decoding=\"async\" width=\"2560\" height=\"1708\" src=\"https:\/\/www.hypoteq.ch\/wp-content\/uploads\/2021\/02\/HYPOTEQ-Steuern-sparen-scaled.jpg\" class=\"attachment-full size-full wp-image-998\" alt=\"\" srcset=\"https:\/\/www.hypoteq.ch\/wp-content\/uploads\/2021\/02\/HYPOTEQ-Steuern-sparen-scaled.jpg 2560w, https:\/\/www.hypoteq.ch\/wp-content\/uploads\/2021\/02\/HYPOTEQ-Steuern-sparen-300x200.jpg 300w, https:\/\/www.hypoteq.ch\/wp-content\/uploads\/2021\/02\/HYPOTEQ-Steuern-sparen-1024x683.jpg 1024w, https:\/\/www.hypoteq.ch\/wp-content\/uploads\/2021\/02\/HYPOTEQ-Steuern-sparen-768x512.jpg 768w, https:\/\/www.hypoteq.ch\/wp-content\/uploads\/2021\/02\/HYPOTEQ-Steuern-sparen-1536x1025.jpg 1536w, https:\/\/www.hypoteq.ch\/wp-content\/uploads\/2021\/02\/HYPOTEQ-Steuern-sparen-2048x1366.jpg 2048w\" sizes=\"(max-width: 2560px) 100vw, 2560px\" \/>\t\t\t\t\t\t\t\t\t\t\t\t\t\t\t<\/div>\n\t\t\t\t<\/div>\n\t\t\t\t\t<\/div>\n\t\t<\/div>\n\t\t\t\t\t<\/div>\n\t\t<\/section>\n\t\t\t\t<\/div>\n\t\t","protected":false},"excerpt":{"rendered":"<p>En Suisse, plusieurs taxes s&rsquo;appliquent aux biens immobiliers<\/p>\n","protected":false},"author":6,"featured_media":6983,"comment_status":"closed","ping_status":"closed","sticky":false,"template":"","format":"standard","meta":{"_acf_changed":false,"inline_featured_image":false,"footnotes":""},"categories":[11],"tags":[],"acf":[],"yoast_head":"<!-- This site is optimized with the Yoast SEO plugin v24.5 - https:\/\/yoast.com\/wordpress\/plugins\/seo\/ -->\n<title>Imp\u00f4ts sur les biens immobiliers - HYPOTEQ AG - g\u00fcnstige Hypothek mit Profi-Beratung<\/title>\n<meta name=\"description\" content=\"HYPOTEQ AG - g\u00fcnstige Hypothek mit Profi-Beratung Imp\u00f4ts sur les biens immobiliers -\" \/>\n<meta name=\"robots\" content=\"index, follow, max-snippet:-1, max-image-preview:large, max-video-preview:-1\" \/>\n<link rel=\"canonical\" href=\"https:\/\/www.hypoteq.ch\/fr\/francais-impots-sur-les-biens-immobiliers\/\" \/>\n<meta property=\"og:locale\" content=\"fr_FR\" \/>\n<meta property=\"og:type\" content=\"article\" \/>\n<meta property=\"og:title\" content=\"Imp\u00f4ts sur les biens immobiliers - HYPOTEQ AG - g\u00fcnstige Hypothek mit Profi-Beratung\" \/>\n<meta property=\"og:description\" content=\"HYPOTEQ AG - g\u00fcnstige Hypothek mit Profi-Beratung Imp\u00f4ts sur les biens immobiliers -\" \/>\n<meta property=\"og:url\" content=\"https:\/\/www.hypoteq.ch\/fr\/francais-impots-sur-les-biens-immobiliers\/\" \/>\n<meta property=\"og:site_name\" content=\"HYPOTEQ AG - g\u00fcnstige Hypothek mit Profi-Beratung\" \/>\n<meta property=\"article:published_time\" content=\"2022-04-11T12:14:45+00:00\" \/>\n<meta property=\"article:modified_time\" content=\"2025-04-05T04:32:08+00:00\" \/>\n<meta property=\"og:image\" content=\"https:\/\/www.hypoteq.ch\/wp-content\/uploads\/2021\/02\/HYPOTEQ-Grundstueck.jpg\" \/>\n\t<meta property=\"og:image:width\" content=\"800\" \/>\n\t<meta property=\"og:image:height\" content=\"600\" \/>\n\t<meta property=\"og:image:type\" content=\"image\/jpeg\" \/>\n<meta name=\"author\" content=\"Pop Soda\" \/>\n<meta name=\"twitter:card\" content=\"summary_large_image\" \/>\n<meta name=\"twitter:label1\" content=\"\u00c9crit par\" \/>\n\t<meta name=\"twitter:data1\" content=\"Pop Soda\" \/>\n\t<meta name=\"twitter:label2\" content=\"Dur\u00e9e de lecture estim\u00e9e\" \/>\n\t<meta name=\"twitter:data2\" content=\"2 minutes\" \/>\n<script type=\"application\/ld+json\" class=\"yoast-schema-graph\">{\"@context\":\"https:\/\/schema.org\",\"@graph\":[{\"@type\":\"Article\",\"@id\":\"https:\/\/www.hypoteq.ch\/fr\/francais-impots-sur-les-biens-immobiliers\/#article\",\"isPartOf\":{\"@id\":\"https:\/\/www.hypoteq.ch\/fr\/francais-impots-sur-les-biens-immobiliers\/\"},\"author\":{\"name\":\"Pop Soda\",\"@id\":\"https:\/\/www.hypoteq.ch\/fr\/#\/schema\/person\/338e35be4d305473686da9b27354b559\"},\"headline\":\"Imp\u00f4ts sur les biens immobiliers\",\"datePublished\":\"2022-04-11T12:14:45+00:00\",\"dateModified\":\"2025-04-05T04:32:08+00:00\",\"mainEntityOfPage\":{\"@id\":\"https:\/\/www.hypoteq.ch\/fr\/francais-impots-sur-les-biens-immobiliers\/\"},\"wordCount\":406,\"publisher\":{\"@id\":\"https:\/\/www.hypoteq.ch\/fr\/#organization\"},\"image\":{\"@id\":\"https:\/\/www.hypoteq.ch\/fr\/francais-impots-sur-les-biens-immobiliers\/#primaryimage\"},\"thumbnailUrl\":\"https:\/\/www.hypoteq.ch\/wp-content\/uploads\/2021\/02\/HYPOTEQ-Grundstueck.jpg\",\"articleSection\":[\"Non classifi\u00e9(e)\"],\"inLanguage\":\"fr-FR\"},{\"@type\":\"WebPage\",\"@id\":\"https:\/\/www.hypoteq.ch\/fr\/francais-impots-sur-les-biens-immobiliers\/\",\"url\":\"https:\/\/www.hypoteq.ch\/fr\/francais-impots-sur-les-biens-immobiliers\/\",\"name\":\"Imp\u00f4ts sur les biens immobiliers - HYPOTEQ AG - g\u00fcnstige Hypothek mit Profi-Beratung\",\"isPartOf\":{\"@id\":\"https:\/\/www.hypoteq.ch\/fr\/#website\"},\"primaryImageOfPage\":{\"@id\":\"https:\/\/www.hypoteq.ch\/fr\/francais-impots-sur-les-biens-immobiliers\/#primaryimage\"},\"image\":{\"@id\":\"https:\/\/www.hypoteq.ch\/fr\/francais-impots-sur-les-biens-immobiliers\/#primaryimage\"},\"thumbnailUrl\":\"https:\/\/www.hypoteq.ch\/wp-content\/uploads\/2021\/02\/HYPOTEQ-Grundstueck.jpg\",\"datePublished\":\"2022-04-11T12:14:45+00:00\",\"dateModified\":\"2025-04-05T04:32:08+00:00\",\"description\":\"HYPOTEQ AG - g\u00fcnstige Hypothek mit Profi-Beratung Imp\u00f4ts sur les biens immobiliers -\",\"breadcrumb\":{\"@id\":\"https:\/\/www.hypoteq.ch\/fr\/francais-impots-sur-les-biens-immobiliers\/#breadcrumb\"},\"inLanguage\":\"fr-FR\",\"potentialAction\":[{\"@type\":\"ReadAction\",\"target\":[\"https:\/\/www.hypoteq.ch\/fr\/francais-impots-sur-les-biens-immobiliers\/\"]}]},{\"@type\":\"ImageObject\",\"inLanguage\":\"fr-FR\",\"@id\":\"https:\/\/www.hypoteq.ch\/fr\/francais-impots-sur-les-biens-immobiliers\/#primaryimage\",\"url\":\"https:\/\/www.hypoteq.ch\/wp-content\/uploads\/2021\/02\/HYPOTEQ-Grundstueck.jpg\",\"contentUrl\":\"https:\/\/www.hypoteq.ch\/wp-content\/uploads\/2021\/02\/HYPOTEQ-Grundstueck.jpg\",\"width\":800,\"height\":600},{\"@type\":\"BreadcrumbList\",\"@id\":\"https:\/\/www.hypoteq.ch\/fr\/francais-impots-sur-les-biens-immobiliers\/#breadcrumb\",\"itemListElement\":[{\"@type\":\"ListItem\",\"position\":1,\"name\":\"Home\",\"item\":\"https:\/\/www.hypoteq.ch\/fr\/\"},{\"@type\":\"ListItem\",\"position\":2,\"name\":\"Imp\u00f4ts sur les biens immobiliers\"}]},{\"@type\":\"WebSite\",\"@id\":\"https:\/\/www.hypoteq.ch\/fr\/#website\",\"url\":\"https:\/\/www.hypoteq.ch\/fr\/\",\"name\":\"HYPOTEQ AG - g\u00fcnstige Hypothek mit Profi-Beratung\",\"description\":\"\",\"publisher\":{\"@id\":\"https:\/\/www.hypoteq.ch\/fr\/#organization\"},\"potentialAction\":[{\"@type\":\"SearchAction\",\"target\":{\"@type\":\"EntryPoint\",\"urlTemplate\":\"https:\/\/www.hypoteq.ch\/fr\/?s={search_term_string}\"},\"query-input\":{\"@type\":\"PropertyValueSpecification\",\"valueRequired\":true,\"valueName\":\"search_term_string\"}}],\"inLanguage\":\"fr-FR\"},{\"@type\":\"Organization\",\"@id\":\"https:\/\/www.hypoteq.ch\/fr\/#organization\",\"name\":\"HYPOTEQ AG\",\"url\":\"https:\/\/www.hypoteq.ch\/fr\/\",\"logo\":{\"@type\":\"ImageObject\",\"inLanguage\":\"fr-FR\",\"@id\":\"https:\/\/www.hypoteq.ch\/fr\/#\/schema\/logo\/image\/\",\"url\":\"\",\"contentUrl\":\"\",\"caption\":\"HYPOTEQ AG\"},\"image\":{\"@id\":\"https:\/\/www.hypoteq.ch\/fr\/#\/schema\/logo\/image\/\"}},{\"@type\":\"Person\",\"@id\":\"https:\/\/www.hypoteq.ch\/fr\/#\/schema\/person\/338e35be4d305473686da9b27354b559\",\"name\":\"Pop Soda\",\"image\":{\"@type\":\"ImageObject\",\"inLanguage\":\"fr-FR\",\"@id\":\"https:\/\/www.hypoteq.ch\/fr\/#\/schema\/person\/image\/\",\"url\":\"https:\/\/secure.gravatar.com\/avatar\/a0f80c954a46ea6647d42ee7eef61b5e?s=96&d=mm&r=g\",\"contentUrl\":\"https:\/\/secure.gravatar.com\/avatar\/a0f80c954a46ea6647d42ee7eef61b5e?s=96&d=mm&r=g\",\"caption\":\"Pop Soda\"},\"url\":\"https:\/\/www.hypoteq.ch\/fr\/author\/popsoda-dev03\/\"}]}<\/script>\n<!-- \/ Yoast SEO plugin. -->","yoast_head_json":{"title":"Imp\u00f4ts sur les biens immobiliers - HYPOTEQ AG - g\u00fcnstige Hypothek mit Profi-Beratung","description":"HYPOTEQ AG - g\u00fcnstige Hypothek mit Profi-Beratung Imp\u00f4ts sur les biens immobiliers -","robots":{"index":"index","follow":"follow","max-snippet":"max-snippet:-1","max-image-preview":"max-image-preview:large","max-video-preview":"max-video-preview:-1"},"canonical":"https:\/\/www.hypoteq.ch\/fr\/francais-impots-sur-les-biens-immobiliers\/","og_locale":"fr_FR","og_type":"article","og_title":"Imp\u00f4ts sur les biens immobiliers - HYPOTEQ AG - g\u00fcnstige Hypothek mit Profi-Beratung","og_description":"HYPOTEQ AG - g\u00fcnstige Hypothek mit Profi-Beratung Imp\u00f4ts sur les biens immobiliers -","og_url":"https:\/\/www.hypoteq.ch\/fr\/francais-impots-sur-les-biens-immobiliers\/","og_site_name":"HYPOTEQ AG - g\u00fcnstige Hypothek mit Profi-Beratung","article_published_time":"2022-04-11T12:14:45+00:00","article_modified_time":"2025-04-05T04:32:08+00:00","og_image":[{"width":800,"height":600,"url":"https:\/\/www.hypoteq.ch\/wp-content\/uploads\/2021\/02\/HYPOTEQ-Grundstueck.jpg","type":"image\/jpeg"}],"author":"Pop Soda","twitter_card":"summary_large_image","twitter_misc":{"\u00c9crit par":"Pop Soda","Dur\u00e9e de lecture estim\u00e9e":"2 minutes"},"schema":{"@context":"https:\/\/schema.org","@graph":[{"@type":"Article","@id":"https:\/\/www.hypoteq.ch\/fr\/francais-impots-sur-les-biens-immobiliers\/#article","isPartOf":{"@id":"https:\/\/www.hypoteq.ch\/fr\/francais-impots-sur-les-biens-immobiliers\/"},"author":{"name":"Pop Soda","@id":"https:\/\/www.hypoteq.ch\/fr\/#\/schema\/person\/338e35be4d305473686da9b27354b559"},"headline":"Imp\u00f4ts sur les biens immobiliers","datePublished":"2022-04-11T12:14:45+00:00","dateModified":"2025-04-05T04:32:08+00:00","mainEntityOfPage":{"@id":"https:\/\/www.hypoteq.ch\/fr\/francais-impots-sur-les-biens-immobiliers\/"},"wordCount":406,"publisher":{"@id":"https:\/\/www.hypoteq.ch\/fr\/#organization"},"image":{"@id":"https:\/\/www.hypoteq.ch\/fr\/francais-impots-sur-les-biens-immobiliers\/#primaryimage"},"thumbnailUrl":"https:\/\/www.hypoteq.ch\/wp-content\/uploads\/2021\/02\/HYPOTEQ-Grundstueck.jpg","articleSection":["Non classifi\u00e9(e)"],"inLanguage":"fr-FR"},{"@type":"WebPage","@id":"https:\/\/www.hypoteq.ch\/fr\/francais-impots-sur-les-biens-immobiliers\/","url":"https:\/\/www.hypoteq.ch\/fr\/francais-impots-sur-les-biens-immobiliers\/","name":"Imp\u00f4ts sur les biens immobiliers - HYPOTEQ AG - g\u00fcnstige Hypothek mit Profi-Beratung","isPartOf":{"@id":"https:\/\/www.hypoteq.ch\/fr\/#website"},"primaryImageOfPage":{"@id":"https:\/\/www.hypoteq.ch\/fr\/francais-impots-sur-les-biens-immobiliers\/#primaryimage"},"image":{"@id":"https:\/\/www.hypoteq.ch\/fr\/francais-impots-sur-les-biens-immobiliers\/#primaryimage"},"thumbnailUrl":"https:\/\/www.hypoteq.ch\/wp-content\/uploads\/2021\/02\/HYPOTEQ-Grundstueck.jpg","datePublished":"2022-04-11T12:14:45+00:00","dateModified":"2025-04-05T04:32:08+00:00","description":"HYPOTEQ AG - g\u00fcnstige Hypothek mit Profi-Beratung Imp\u00f4ts sur les biens immobiliers -","breadcrumb":{"@id":"https:\/\/www.hypoteq.ch\/fr\/francais-impots-sur-les-biens-immobiliers\/#breadcrumb"},"inLanguage":"fr-FR","potentialAction":[{"@type":"ReadAction","target":["https:\/\/www.hypoteq.ch\/fr\/francais-impots-sur-les-biens-immobiliers\/"]}]},{"@type":"ImageObject","inLanguage":"fr-FR","@id":"https:\/\/www.hypoteq.ch\/fr\/francais-impots-sur-les-biens-immobiliers\/#primaryimage","url":"https:\/\/www.hypoteq.ch\/wp-content\/uploads\/2021\/02\/HYPOTEQ-Grundstueck.jpg","contentUrl":"https:\/\/www.hypoteq.ch\/wp-content\/uploads\/2021\/02\/HYPOTEQ-Grundstueck.jpg","width":800,"height":600},{"@type":"BreadcrumbList","@id":"https:\/\/www.hypoteq.ch\/fr\/francais-impots-sur-les-biens-immobiliers\/#breadcrumb","itemListElement":[{"@type":"ListItem","position":1,"name":"Home","item":"https:\/\/www.hypoteq.ch\/fr\/"},{"@type":"ListItem","position":2,"name":"Imp\u00f4ts sur les biens immobiliers"}]},{"@type":"WebSite","@id":"https:\/\/www.hypoteq.ch\/fr\/#website","url":"https:\/\/www.hypoteq.ch\/fr\/","name":"HYPOTEQ AG - g\u00fcnstige Hypothek mit Profi-Beratung","description":"","publisher":{"@id":"https:\/\/www.hypoteq.ch\/fr\/#organization"},"potentialAction":[{"@type":"SearchAction","target":{"@type":"EntryPoint","urlTemplate":"https:\/\/www.hypoteq.ch\/fr\/?s={search_term_string}"},"query-input":{"@type":"PropertyValueSpecification","valueRequired":true,"valueName":"search_term_string"}}],"inLanguage":"fr-FR"},{"@type":"Organization","@id":"https:\/\/www.hypoteq.ch\/fr\/#organization","name":"HYPOTEQ AG","url":"https:\/\/www.hypoteq.ch\/fr\/","logo":{"@type":"ImageObject","inLanguage":"fr-FR","@id":"https:\/\/www.hypoteq.ch\/fr\/#\/schema\/logo\/image\/","url":"","contentUrl":"","caption":"HYPOTEQ AG"},"image":{"@id":"https:\/\/www.hypoteq.ch\/fr\/#\/schema\/logo\/image\/"}},{"@type":"Person","@id":"https:\/\/www.hypoteq.ch\/fr\/#\/schema\/person\/338e35be4d305473686da9b27354b559","name":"Pop Soda","image":{"@type":"ImageObject","inLanguage":"fr-FR","@id":"https:\/\/www.hypoteq.ch\/fr\/#\/schema\/person\/image\/","url":"https:\/\/secure.gravatar.com\/avatar\/a0f80c954a46ea6647d42ee7eef61b5e?s=96&d=mm&r=g","contentUrl":"https:\/\/secure.gravatar.com\/avatar\/a0f80c954a46ea6647d42ee7eef61b5e?s=96&d=mm&r=g","caption":"Pop Soda"},"url":"https:\/\/www.hypoteq.ch\/fr\/author\/popsoda-dev03\/"}]}},"_links":{"self":[{"href":"https:\/\/www.hypoteq.ch\/fr\/wp-json\/wp\/v2\/posts\/8956"}],"collection":[{"href":"https:\/\/www.hypoteq.ch\/fr\/wp-json\/wp\/v2\/posts"}],"about":[{"href":"https:\/\/www.hypoteq.ch\/fr\/wp-json\/wp\/v2\/types\/post"}],"author":[{"embeddable":true,"href":"https:\/\/www.hypoteq.ch\/fr\/wp-json\/wp\/v2\/users\/6"}],"replies":[{"embeddable":true,"href":"https:\/\/www.hypoteq.ch\/fr\/wp-json\/wp\/v2\/comments?post=8956"}],"version-history":[{"count":3,"href":"https:\/\/www.hypoteq.ch\/fr\/wp-json\/wp\/v2\/posts\/8956\/revisions"}],"predecessor-version":[{"id":11758,"href":"https:\/\/www.hypoteq.ch\/fr\/wp-json\/wp\/v2\/posts\/8956\/revisions\/11758"}],"wp:featuredmedia":[{"embeddable":true,"href":"https:\/\/www.hypoteq.ch\/fr\/wp-json\/wp\/v2\/media\/6983"}],"wp:attachment":[{"href":"https:\/\/www.hypoteq.ch\/fr\/wp-json\/wp\/v2\/media?parent=8956"}],"wp:term":[{"taxonomy":"category","embeddable":true,"href":"https:\/\/www.hypoteq.ch\/fr\/wp-json\/wp\/v2\/categories?post=8956"},{"taxonomy":"post_tag","embeddable":true,"href":"https:\/\/www.hypoteq.ch\/fr\/wp-json\/wp\/v2\/tags?post=8956"}],"curies":[{"name":"wp","href":"https:\/\/api.w.org\/{rel}","templated":true}]}}